{"id":253,"date":"2022-06-03T10:25:21","date_gmt":"2022-06-03T10:25:21","guid":{"rendered":"https:\/\/aepalizage.iot-d.de\/?p=253"},"modified":"2026-02-13T11:15:45","modified_gmt":"2026-02-13T11:15:45","slug":"gegen-rechts-zaubern-ist-der-falsche-weg","status":"publish","type":"post","link":"https:\/\/aepalizage.iot-d.de\/?p=253","title":{"rendered":"Ist Magie gegen Rechts der falsche Weg?"},"content":{"rendered":"\n<p>von Frater Fuchs<\/p>\n\n\n\n<p><img loading=\"lazy\" decoding=\"async\" width=\"720\" height=\"716\" class=\"wp-image-1054\" style=\"width: 123px;\" src=\"https:\/\/aepalizage.iot-d.de\/wp-content\/uploads\/2023\/08\/Fuchswappen-scharf.jpg\" alt=\"\" srcset=\"https:\/\/aepalizage.iot-d.de\/wp-content\/uploads\/2023\/08\/Fuchswappen-scharf.jpg 720w, https:\/\/aepalizage.iot-d.de\/wp-content\/uploads\/2023\/08\/Fuchswappen-scharf-300x298.jpg 300w, https:\/\/aepalizage.iot-d.de\/wp-content\/uploads\/2023\/08\/Fuchswappen-scharf-150x150.jpg 150w\" sizes=\"(max-width: 720px) 100vw, 720px\" \/><\/p>\n\n\n\n<p>Es gibt eine Menge Leute, die sich \u00fcberhaupt keine Sorgen machen, wenn sie sich die derzeitige politische Situation in Deutschland anschauen. Einige machen sich keine Sorgen, weil sie die aktuellen Entwicklungen hin zu rechten, nationalistischen, autorit\u00e4ren Systemen begr\u00fc\u00dfen, oder aber auch deshalb, weil sie glauben, dass schon nichts passieren wird und dass sich das alles von selbst wieder regulieren und einpendeln wird. Ich halte die erste Sichtweise f\u00fcr falsch und die zweite Sichtweise f\u00fcr faul und gef\u00e4hrlich. <\/p>\n\n\n\n<p>Ich schreibe diesen Artikel, weil ich Ver\u00e4nderungen sehe. Ver\u00e4nderungen, die mich nachdenken lassen und mich sehr besorgen. Ver\u00e4nderungen, die ich am eigenen Leib erfahre: Ich bin jemand, der einen ungew\u00f6hnlichen Kleidungsstil pflegt und nicht gerade wie ein europ\u00e4ischer Durchschnittsmensch aussieht. Das kann man finden, wie man will. Aber wenn man diesen Kleidungsstil nicht nur h\u00e4sslich und\/oder l\u00e4cherlich findet, sondern aufgrund dieser Meinung laut, unversch\u00e4mt, einsch\u00fcchternd und teilweise sogar \u00fcbergriffig wird, dann l\u00e4uft etwas sehr, sehr falsch. Ich erinnere mich beispielsweise daran, wir mir Sitzpl\u00e4tze an der Tram-Haltestelle verweigert wurden, mit den Worten: \u201eF\u00fcr Terroristen ist hier kein Platz!\u201c (nicht, weil ich wie ein Terrorist aussehe, sondern einfach nur deshalb, weil ich nicht in die Norm passe\u2026). Mir wird auf offener Stra\u00dfe hinterher geschrien, dass \u201ewir\u201c unsere Frauen gef\u00e4lligst anst\u00e4ndig zu behandeln h\u00e4tten und dass ich \u201enach Hause gehen\u201c solle. Das sind Ereignisse, die allein f\u00fcr sich nicht sch\u00f6n sind, die aber eben vorkommen, ab und zu, wenn ich weite Leinenhosen und im Sommer keine Schuhe trage. Bedenklich wird es, wenn die H\u00e4ufigkeit solcher Ereignisse ansteigt. Und das nehme ich so wahr. In Leipzig und auch an anderen Orten. <\/p>\n\n\n\n<p>Und wenn ich mir dann die Wahlergebnisse anschaue, die besagen, dass die AFD mit besorgniserregend vielen Stimmen gew\u00e4hlt wird, wenn ich Polizisten in den Nachrichten sehe, die Fl\u00fcchtlingskinder gewaltsam aus Bussen schubsen und wild herum schreien, umringt von einer w\u00fctenden Meute von Anwohnern, die \u00fcber die panischen Gesichter der kleinen Kinder jubeln, wenn ich mir die gewaltbereiten Menschen auf Pegida-Demonstrationen (und auch auf NoPegida-Demonstrationen) ansehe, dann f\u00fcrchte ich mich. Nicht pers\u00f6nlich, sondern vor allem im Namen der Freiheit eines jeden Einzelnen, der nicht nach der rechten Norm tanzt und nicht in diesem Land geboren wurde. <\/p>\n\n\n\n<p>Es ist oft die Rede von einer \u201eFl\u00fcchtlingskrise\u201c. Viele Menschen finden das Wort \u201eKrise\u201c falsch, weil Fl\u00fcchtlinge doch keine Krise seien, sondern eine Chance, weil wir diesen Menschen helfen m\u00fcssten, die f\u00fcr uns keine Bedrohung darstellen. Aber auch, wenn ich grunds\u00e4tzlich finde, dass Fl\u00fcchtlinge es nicht nur verdient haben, sondern ein Recht darauf haben, dass wir ihnen helfen, gibt es ganz offensichtlich ein Problem mit diesen Menschen, das viele Gesichter hat. Politisch, moralisch, gesellschaftlich, organisatorisch\u2026 Es gibt eine Krise. Sie ist da und sie ist real. Das zu leugnen w\u00e4re unklug. Wie genau diese Krise entstanden ist, wer daf\u00fcr verantwortlich ist und wie genau sie sich nun gestaltet, sei mal dahin gestellt. Tatsache ist, dieses Thema bewegt die gesamte europ\u00e4ische Bev\u00f6lkerung. Das ist etwas, mit dem wir jetzt umgehen m\u00fcssen. Und niemand wei\u00df so recht, wie wir das denn nun machen sollen. <\/p>\n\n\n\n<p>Ich bin besorgt wegen des Potenzials, das diese neue Situation f\u00fcr rechts-tendierende Menschen bereit h\u00e4lt. Und ich will was tun. Ich will zaubern und ich rufe Euch auf, mitzumachen.<\/p>\n\n\n\n<div style=\"height:35px\" aria-hidden=\"true\" class=\"wp-block-spacer\"><\/div>\n\n\n\n<figure class=\"wp-block-image aligncenter size-full\"><img loading=\"lazy\" decoding=\"async\" width=\"210\" height=\"147\" src=\"https:\/\/aepalizage.iot-d.de\/wp-content\/uploads\/2022\/06\/gegen-Rechts.jpg\" alt=\"\" class=\"wp-image-254\"\/><\/figure>\n\n\n\n<div style=\"height:35px\" aria-hidden=\"true\" class=\"wp-block-spacer\"><\/div>\n\n\n\n<p>Aber was\/wie genau sollte man denn in dieser Situation zaubern? Gegen Rechts? Nazis kaputt schlagen und verfluchen, damit sie endlich die Klappe halten? Ist das der richtige und langfristig erfolgreiche Weg? Ich glaube kaum. Das kaputt zu schlagen, was man bedrohlich findet, ist keine L\u00f6sung. Davon geht das Problem nicht weg. Mit einer solchen Methode verletzt man lediglich das Symptom der Krankheit, das danach umso lauter und aggressiver wieder kommt. Der Virus lebt weiter. <\/p>\n\n\n\n<p>Man kann Nazis nicht weg schlagen oder weg verfluchen. Man kann sie aber weg \u00fcberzeugen!!! Das ist eine Methode, die langfristig besser klappt. Mein Aufruf an alle Magier, Hexen, Schamanen, Priester, Geistheiler und was es sonst noch alles gibt lautet deshalb: <\/p>\n\n\n\n<p><strong><mark style=\"background-color:rgba(0, 0, 0, 0);color:#ff7100\" class=\"has-inline-color\">Lasst uns gemeinsam daf\u00fcr zaubern, dass die Menschheit nach und nach versteht, dass wir uns global als Einheit begreifen m\u00fcssen, um nicht aneinander zu scheitern!<\/mark><\/strong> <\/p>\n\n\n\n<p>Wir m\u00fcssen verstehen, dass wir nur gemeinsam weiter kommen &#8211; wir werden untergehen, wenn wir uns immer nur gegenseitig Steine in den Weg legen und gegen unsere selbst errichteten Mauern und Z\u00e4une laufen. Es wird Zeit, dass wir erwachen. Ich h\u00f6re mich an wie ein Hippie? Mag sein. Aber ich bin lieber ein Hippie als ein Teil der Krankheit, die diesen Planeten lebensunfreundlich macht und daf\u00fcr sorgt, dass wir uns gegenseitig die Kraft aussaugen, bis nichts mehr \u00fcbrig ist. In diesem Sinne auf ein gutes Miteinander!<\/p>\n\n\n\n<p>-Frater Fuchs, Priester des Chaos<\/p>\n\n\n\n<p class=\"has-text-align-center has-foreground-color has-text-color\">\u00b0<\/p>\n\n\n\n<div class=\"wp-block-buttons is-content-justification-center is-layout-flex wp-container-core-buttons-layout-1 wp-block-buttons-is-layout-flex\">\n<div class=\"wp-block-button has-custom-font-size has-small-font-size\"><a class=\"wp-block-button__link has-foreground-background-color has-background wp-element-button\" href=\"https:\/\/aepalizage.iot-d.de\/?page_id=380\" style=\"border-width:1px;padding-top:8px;padding-right:8px;padding-bottom:8px;padding-left:8px\">zur\u00fcck zu den Artikeln<\/a><\/div>\n<\/div>\n","protected":false},"excerpt":{"rendered":"<p>von Frater Fuchs Es gibt eine Menge Leute, die sich \u00fcberhaupt keine Sorgen machen, wenn sie sich die derzeitige politische Situation in Deutschland anschauen. Einige machen sich keine Sorgen, weil sie die aktuellen Entwicklungen hin zu rechten, nationalistischen, autorit\u00e4ren Systemen begr\u00fc\u00dfen, oder aber auch deshalb, weil sie glauben, dass schon nichts passieren wird und dass [&hellip;]<\/p>\n","protected":false},"author":2,"featured_media":0,"comment_status":"open","ping_status":"closed","sticky":false,"template":"","format":"standard","meta":{"footnotes":""},"categories":[7],"tags":[104,103,99,102,105,97],"_links":{"self":[{"href":"https:\/\/aepalizage.iot-d.de\/index.php?rest_route=\/wp\/v2\/posts\/253"}],"collection":[{"href":"https:\/\/aepalizage.iot-d.de\/index.php?rest_route=\/wp\/v2\/posts"}],"about":[{"href":"https:\/\/aepalizage.iot-d.de\/index.php?rest_route=\/wp\/v2\/types\/post"}],"author":[{"embeddable":true,"href":"https:\/\/aepalizage.iot-d.de\/index.php?rest_route=\/wp\/v2\/users\/2"}],"replies":[{"embeddable":true,"href":"https:\/\/aepalizage.iot-d.de\/index.php?rest_route=%2Fwp%2Fv2%2Fcomments&post=253"}],"version-history":[{"count":6,"href":"https:\/\/aepalizage.iot-d.de\/index.php?rest_route=\/wp\/v2\/posts\/253\/revisions"}],"predecessor-version":[{"id":1902,"href":"https:\/\/aepalizage.iot-d.de\/index.php?rest_route=\/wp\/v2\/posts\/253\/revisions\/1902"}],"wp:attachment":[{"href":"https:\/\/aepalizage.iot-d.de\/index.php?rest_route=%2Fwp%2Fv2%2Fmedia&parent=253"}],"wp:term":[{"taxonomy":"category","embeddable":true,"href":"https:\/\/aepalizage.iot-d.de\/index.php?rest_route=%2Fwp%2Fv2%2Fcategories&post=253"},{"taxonomy":"post_tag","embeddable":true,"href":"https:\/\/aepalizage.iot-d.de\/index.php?rest_route=%2Fwp%2Fv2%2Ftags&post=253"}],"curies":[{"name":"wp","href":"https:\/\/api.w.org\/{rel}","templated":true}]}}